{"id":1234,"date":"2024-07-12T11:40:05","date_gmt":"2024-07-12T14:40:05","guid":{"rendered":"https:\/\/www.ascana.com.br\/?p=1234"},"modified":"2024-07-12T11:40:07","modified_gmt":"2024-07-12T14:40:07","slug":"ascana-e-zilor-promovem-blitz-do-transito","status":"publish","type":"post","link":"https:\/\/www.ascana.com.br\/index.php\/ascana-e-zilor-promovem-blitz-do-transito\/","title":{"rendered":"Ascana e Zilor promovem Blitz do Tr\u00e2nsito"},"content":{"rendered":"\n<p><\/p>\n\n\n\n<p>Blitz do Tr\u00e2nsito integra a Campanha Tr\u00e2nsito Seguro que \u00e9 realizada durante o per\u00edodo da safra de cana-de-a\u00e7\u00facar.<\/p>\n\n\n\n<p>A Ascana e a Zilor realizaram mais uma a\u00e7\u00e3o de conscientiza\u00e7\u00e3o da Campanha Tr\u00e2nsito Seguro nos Postos Coop, localizados nas usinas Barra Grande e S\u00e3o Jos\u00e9.<\/p>\n\n\n\n<p>A Blitz do Tr\u00e2nsito abordou motoristas canavieiros e n\u00e3o canavieiros que passaram pelos postos de combust\u00edveis da Usina Barra Grande na quinta-feira (23\/05) e na Usina S\u00e3o Jos\u00e9 na sexta-feira (24\/05).<\/p>\n\n\n\n<p>Al\u00e9m das orienta\u00e7\u00f5es, os motoristas receberam um kit com informa\u00e7\u00f5es sobre a import\u00e2ncia de cada um para a constru\u00e7\u00e3o de um tr\u00e2nsito mais seguro, brindes e a oportunidade de verifica\u00e7\u00e3o da press\u00e3o arterial.<\/p>\n\n\n\n<p>\u201cO kit distribu\u00eddo traz instru\u00e7\u00f5es de seguran\u00e7a para motoristas, ciclistas e pedestres porque essa campanha foi desenvolvida para atingir toda a comunidade, considerando que nos \u00faltimos anos o tr\u00e2nsito nas vias da nossa regi\u00e3o tem aumentado bastante, n\u00e3o s\u00f3 de caminh\u00f5es, mas de todo tipo de ve\u00edculo\u201d, ressalta Jorge Luiz Morelli, diretor de Rela\u00e7\u00f5es Institucionais da Ascana.<\/p>\n\n\n\n<p>Os motoristas das agr\u00edcolas associados \u00e0 Ascana aprovaram a iniciativa que refor\u00e7a os treinamentos realizados e leva orienta\u00e7\u00f5es importantes para a comunidade.<\/p>\n\n\n\n<p>Produtor de cana e diretor da Ascana, Jos\u00e9 Os\u00f3rio Campos Almeida destaca que as informa\u00e7\u00f5es falam de dire\u00e7\u00e3o defensiva e de seguran\u00e7a.<\/p>\n\n\n\n<p>\u201cA proposta \u00e9 conscientizar os nossos colaboradores no sentido da dire\u00e7\u00e3o defensiva, na seguran\u00e7a do ir e vir, ent\u00e3o tudo isso soma para que a gente tenha acidentes pr\u00f3ximo de zero e, se tiver, que sejam de menor gravidade\u201d, finaliza Jos\u00e9 Os\u00f3rio.<\/p>\n","protected":false},"excerpt":{"rendered":"<p>Blitz do Tr\u00e2nsito integra a Campanha Tr\u00e2nsito Seguro que \u00e9 realizada durante o per\u00edodo da safra de cana-de-a\u00e7\u00facar. A Ascana e a Zilor realizaram mais uma a\u00e7\u00e3o de conscientiza\u00e7\u00e3o da Campanha Tr\u00e2nsito Seguro nos Postos Coop, localizados nas usinas Barra Grande e S\u00e3o Jos\u00e9. A Blitz do Tr\u00e2nsito abordou motoristas canavieiros e n\u00e3o canavieiros que [&hellip;]<\/p>\n","protected":false},"author":2,"featured_media":1235,"comment_status":"open","ping_status":"open","sticky":false,"template":"","format":"standard","meta":{"footnotes":""},"categories":[6],"tags":[],"class_list":["post-1234","post","type-post","status-publish","format-standard","has-post-thumbnail","hentry","category-noticias"],"yoast_head":"<!-- This site is optimized with the Yoast SEO plugin v26.7 - https:\/\/yoast.com\/wordpress\/plugins\/seo\/ -->\r\n<title>Ascana e Zilor promovem Blitz do Tr\u00e2nsito - Ascana \u2022 A for\u00e7a da nossa regi\u00e3o.<\/title>\r\n<meta name=\"robots\" content=\"index, follow, max-snippet:-1, max-image-preview:large, max-video-preview:-1\" \/>\r\n<link rel=\"canonical\" href=\"https:\/\/www.ascana.com.br\/index.php\/ascana-e-zilor-promovem-blitz-do-transito\/\" \/>\r\n<meta property=\"og:locale\" content=\"pt_BR\" \/>\r\n<meta property=\"og:type\" content=\"article\" \/>\r\n<meta property=\"og:title\" content=\"Ascana e Zilor promovem Blitz do Tr\u00e2nsito - Ascana \u2022 A for\u00e7a da nossa regi\u00e3o.\" \/>\r\n<meta property=\"og:description\" content=\"Blitz do Tr\u00e2nsito integra a Campanha Tr\u00e2nsito Seguro que \u00e9 realizada durante o per\u00edodo da safra de cana-de-a\u00e7\u00facar. A Ascana e a Zilor realizaram mais uma a\u00e7\u00e3o de conscientiza\u00e7\u00e3o da Campanha Tr\u00e2nsito Seguro nos Postos Coop, localizados nas usinas Barra Grande e S\u00e3o Jos\u00e9. A Blitz do Tr\u00e2nsito abordou motoristas canavieiros e n\u00e3o canavieiros que [&hellip;]\" \/>\r\n<meta property=\"og:url\" content=\"https:\/\/www.ascana.com.br\/index.php\/ascana-e-zilor-promovem-blitz-do-transito\/\" \/>\r\n<meta property=\"og:site_name\" content=\"Ascana \u2022 A for\u00e7a da nossa regi\u00e3o.\" \/>\r\n<meta property=\"article:publisher\" content=\"https:\/\/facebook.com\/ascanasp\" \/>\r\n<meta property=\"article:published_time\" content=\"2024-07-12T14:40:05+00:00\" \/>\r\n<meta property=\"article:modified_time\" content=\"2024-07-12T14:40:07+00:00\" \/>\r\n<meta property=\"og:image\" content=\"https:\/\/www.ascana.com.br\/wp-content\/uploads\/2024\/07\/Blitz-2-scaled.jpg\" \/>\r\n\t<meta property=\"og:image:width\" content=\"2560\" \/>\r\n\t<meta property=\"og:image:height\" content=\"1439\" \/>\r\n\t<meta property=\"og:image:type\" content=\"image\/jpeg\" \/>\r\n<meta name=\"author\" content=\"Concei\u00e7\u00e3o Carpanezi\" \/>\r\n<meta name=\"twitter:card\" content=\"summary_large_image\" \/>\r\n<meta name=\"twitter:label1\" content=\"Escrito por\" \/>\n\t<meta name=\"twitter:data1\" content=\"Concei\u00e7\u00e3o Carpanezi\" \/>\n\t<meta name=\"twitter:label2\" content=\"Est. tempo de leitura\" \/>\n\t<meta name=\"twitter:data2\" content=\"2 minutos\" \/>\r\n<script type=\"application\/ld+json\" class=\"yoast-schema-graph\">{\"@context\":\"https:\/\/schema.org\",\"@graph\":[{\"@type\":\"Article\",\"@id\":\"https:\/\/www.ascana.com.br\/index.php\/ascana-e-zilor-promovem-blitz-do-transito\/#article\",\"isPartOf\":{\"@id\":\"https:\/\/www.ascana.com.br\/index.php\/ascana-e-zilor-promovem-blitz-do-transito\/\"},\"author\":{\"name\":\"Concei\u00e7\u00e3o Carpanezi\",\"@id\":\"https:\/\/www.ascana.com.br\/#\/schema\/person\/ba46e5a0d0832ce98d08ca6bc7a28538\"},\"headline\":\"Ascana e Zilor promovem Blitz do Tr\u00e2nsito\",\"datePublished\":\"2024-07-12T14:40:05+00:00\",\"dateModified\":\"2024-07-12T14:40:07+00:00\",\"mainEntityOfPage\":{\"@id\":\"https:\/\/www.ascana.com.br\/index.php\/ascana-e-zilor-promovem-blitz-do-transito\/\"},\"wordCount\":295,\"commentCount\":0,\"publisher\":{\"@id\":\"https:\/\/www.ascana.com.br\/#organization\"},\"image\":{\"@id\":\"https:\/\/www.ascana.com.br\/index.php\/ascana-e-zilor-promovem-blitz-do-transito\/#primaryimage\"},\"thumbnailUrl\":\"https:\/\/www.ascana.com.br\/wp-content\/uploads\/2024\/07\/Blitz-2-scaled.jpg\",\"articleSection\":[\"Not\u00edcias\"],\"inLanguage\":\"pt-BR\",\"potentialAction\":[{\"@type\":\"CommentAction\",\"name\":\"Comment\",\"target\":[\"https:\/\/www.ascana.com.br\/index.php\/ascana-e-zilor-promovem-blitz-do-transito\/#respond\"]}]},{\"@type\":\"WebPage\",\"@id\":\"https:\/\/www.ascana.com.br\/index.php\/ascana-e-zilor-promovem-blitz-do-transito\/\",\"url\":\"https:\/\/www.ascana.com.br\/index.php\/ascana-e-zilor-promovem-blitz-do-transito\/\",\"name\":\"Ascana e Zilor promovem Blitz do Tr\u00e2nsito - Ascana \u2022 A for\u00e7a da nossa regi\u00e3o.\",\"isPartOf\":{\"@id\":\"https:\/\/www.ascana.com.br\/#website\"},\"primaryImageOfPage\":{\"@id\":\"https:\/\/www.ascana.com.br\/index.php\/ascana-e-zilor-promovem-blitz-do-transito\/#primaryimage\"},\"image\":{\"@id\":\"https:\/\/www.ascana.com.br\/index.php\/ascana-e-zilor-promovem-blitz-do-transito\/#primaryimage\"},\"thumbnailUrl\":\"https:\/\/www.ascana.com.br\/wp-content\/uploads\/2024\/07\/Blitz-2-scaled.jpg\",\"datePublished\":\"2024-07-12T14:40:05+00:00\",\"dateModified\":\"2024-07-12T14:40:07+00:00\",\"breadcrumb\":{\"@id\":\"https:\/\/www.ascana.com.br\/index.php\/ascana-e-zilor-promovem-blitz-do-transito\/#breadcrumb\"},\"inLanguage\":\"pt-BR\",\"potentialAction\":[{\"@type\":\"ReadAction\",\"target\":[\"https:\/\/www.ascana.com.br\/index.php\/ascana-e-zilor-promovem-blitz-do-transito\/\"]}]},{\"@type\":\"ImageObject\",\"inLanguage\":\"pt-BR\",\"@id\":\"https:\/\/www.ascana.com.br\/index.php\/ascana-e-zilor-promovem-blitz-do-transito\/#primaryimage\",\"url\":\"https:\/\/www.ascana.com.br\/wp-content\/uploads\/2024\/07\/Blitz-2-scaled.jpg\",\"contentUrl\":\"https:\/\/www.ascana.com.br\/wp-content\/uploads\/2024\/07\/Blitz-2-scaled.jpg\",\"width\":2560,\"height\":1439,\"caption\":\"Blitz do Tr\u00e2nsito foi realizada nos postos de combust\u00edveis Coop, nas usinas S\u00e3o Jos\u00e9 e Barra Grande, e levou informa\u00e7\u00f5es aos motoristas canavieiros e da comunidade\"},{\"@type\":\"BreadcrumbList\",\"@id\":\"https:\/\/www.ascana.com.br\/index.php\/ascana-e-zilor-promovem-blitz-do-transito\/#breadcrumb\",\"itemListElement\":[{\"@type\":\"ListItem\",\"position\":1,\"name\":\"In\u00edcio\",\"item\":\"https:\/\/www.ascana.com.br\/\"},{\"@type\":\"ListItem\",\"position\":2,\"name\":\"Ascana e Zilor promovem Blitz do Tr\u00e2nsito\"}]},{\"@type\":\"WebSite\",\"@id\":\"https:\/\/www.ascana.com.br\/#website\",\"url\":\"https:\/\/www.ascana.com.br\/\",\"name\":\"Ascana \u2022 A for\u00e7a da nossa regi\u00e3o.\",\"description\":\"Associa\u00e7\u00e3o dos Plantadores de Cana do M\u00e9dio Tiet\u00ea.\",\"publisher\":{\"@id\":\"https:\/\/www.ascana.com.br\/#organization\"},\"potentialAction\":[{\"@type\":\"SearchAction\",\"target\":{\"@type\":\"EntryPoint\",\"urlTemplate\":\"https:\/\/www.ascana.com.br\/?s={search_term_string}\"},\"query-input\":{\"@type\":\"PropertyValueSpecification\",\"valueRequired\":true,\"valueName\":\"search_term_string\"}}],\"inLanguage\":\"pt-BR\"},{\"@type\":\"Organization\",\"@id\":\"https:\/\/www.ascana.com.br\/#organization\",\"name\":\"Ascana \u2022 A for\u00e7a da nossa regi\u00e3o.\",\"url\":\"https:\/\/www.ascana.com.br\/\",\"logo\":{\"@type\":\"ImageObject\",\"inLanguage\":\"pt-BR\",\"@id\":\"https:\/\/www.ascana.com.br\/#\/schema\/logo\/image\/\",\"url\":\"https:\/\/www.ascana.com.br\/wp-content\/uploads\/2023\/02\/logo_rgb.png\",\"contentUrl\":\"https:\/\/www.ascana.com.br\/wp-content\/uploads\/2023\/02\/logo_rgb.png\",\"width\":500,\"height\":126,\"caption\":\"Ascana \u2022 A for\u00e7a da nossa regi\u00e3o.\"},\"image\":{\"@id\":\"https:\/\/www.ascana.com.br\/#\/schema\/logo\/image\/\"},\"sameAs\":[\"https:\/\/facebook.com\/ascanasp\",\"https:\/\/instagram.com\/ascanasp\"]},{\"@type\":\"Person\",\"@id\":\"https:\/\/www.ascana.com.br\/#\/schema\/person\/ba46e5a0d0832ce98d08ca6bc7a28538\",\"name\":\"Concei\u00e7\u00e3o Carpanezi\",\"image\":{\"@type\":\"ImageObject\",\"inLanguage\":\"pt-BR\",\"@id\":\"https:\/\/www.ascana.com.br\/#\/schema\/person\/image\/\",\"url\":\"https:\/\/secure.gravatar.com\/avatar\/0a0e47a8d0dd139d6c690605279035cce5f75e578c91ab911783b55f859aa37f?s=96&d=mm&r=g\",\"contentUrl\":\"https:\/\/secure.gravatar.com\/avatar\/0a0e47a8d0dd139d6c690605279035cce5f75e578c91ab911783b55f859aa37f?s=96&d=mm&r=g\",\"caption\":\"Concei\u00e7\u00e3o Carpanezi\"},\"sameAs\":[\"http:\/\/ascana.com.br\"],\"url\":\"https:\/\/www.ascana.com.br\/index.php\/author\/conceicao\/\"}]}<\/script>\r\n<!-- \/ Yoast SEO plugin. -->","yoast_head_json":{"title":"Ascana e Zilor promovem Blitz do Tr\u00e2nsito - Ascana \u2022 A for\u00e7a da nossa regi\u00e3o.","robots":{"index":"index","follow":"follow","max-snippet":"max-snippet:-1","max-image-preview":"max-image-preview:large","max-video-preview":"max-video-preview:-1"},"canonical":"https:\/\/www.ascana.com.br\/index.php\/ascana-e-zilor-promovem-blitz-do-transito\/","og_locale":"pt_BR","og_type":"article","og_title":"Ascana e Zilor promovem Blitz do Tr\u00e2nsito - Ascana \u2022 A for\u00e7a da nossa regi\u00e3o.","og_description":"Blitz do Tr\u00e2nsito integra a Campanha Tr\u00e2nsito Seguro que \u00e9 realizada durante o per\u00edodo da safra de cana-de-a\u00e7\u00facar. A Ascana e a Zilor realizaram mais uma a\u00e7\u00e3o de conscientiza\u00e7\u00e3o da Campanha Tr\u00e2nsito Seguro nos Postos Coop, localizados nas usinas Barra Grande e S\u00e3o Jos\u00e9. A Blitz do Tr\u00e2nsito abordou motoristas canavieiros e n\u00e3o canavieiros que [&hellip;]","og_url":"https:\/\/www.ascana.com.br\/index.php\/ascana-e-zilor-promovem-blitz-do-transito\/","og_site_name":"Ascana \u2022 A for\u00e7a da nossa regi\u00e3o.","article_publisher":"https:\/\/facebook.com\/ascanasp","article_published_time":"2024-07-12T14:40:05+00:00","article_modified_time":"2024-07-12T14:40:07+00:00","og_image":[{"width":2560,"height":1439,"url":"https:\/\/www.ascana.com.br\/wp-content\/uploads\/2024\/07\/Blitz-2-scaled.jpg","type":"image\/jpeg"}],"author":"Concei\u00e7\u00e3o Carpanezi","twitter_card":"summary_large_image","twitter_misc":{"Escrito por":"Concei\u00e7\u00e3o Carpanezi","Est. tempo de leitura":"2 minutos"},"schema":{"@context":"https:\/\/schema.org","@graph":[{"@type":"Article","@id":"https:\/\/www.ascana.com.br\/index.php\/ascana-e-zilor-promovem-blitz-do-transito\/#article","isPartOf":{"@id":"https:\/\/www.ascana.com.br\/index.php\/ascana-e-zilor-promovem-blitz-do-transito\/"},"author":{"name":"Concei\u00e7\u00e3o Carpanezi","@id":"https:\/\/www.ascana.com.br\/#\/schema\/person\/ba46e5a0d0832ce98d08ca6bc7a28538"},"headline":"Ascana e Zilor promovem Blitz do Tr\u00e2nsito","datePublished":"2024-07-12T14:40:05+00:00","dateModified":"2024-07-12T14:40:07+00:00","mainEntityOfPage":{"@id":"https:\/\/www.ascana.com.br\/index.php\/ascana-e-zilor-promovem-blitz-do-transito\/"},"wordCount":295,"commentCount":0,"publisher":{"@id":"https:\/\/www.ascana.com.br\/#organization"},"image":{"@id":"https:\/\/www.ascana.com.br\/index.php\/ascana-e-zilor-promovem-blitz-do-transito\/#primaryimage"},"thumbnailUrl":"https:\/\/www.ascana.com.br\/wp-content\/uploads\/2024\/07\/Blitz-2-scaled.jpg","articleSection":["Not\u00edcias"],"inLanguage":"pt-BR","potentialAction":[{"@type":"CommentAction","name":"Comment","target":["https:\/\/www.ascana.com.br\/index.php\/ascana-e-zilor-promovem-blitz-do-transito\/#respond"]}]},{"@type":"WebPage","@id":"https:\/\/www.ascana.com.br\/index.php\/ascana-e-zilor-promovem-blitz-do-transito\/","url":"https:\/\/www.ascana.com.br\/index.php\/ascana-e-zilor-promovem-blitz-do-transito\/","name":"Ascana e Zilor promovem Blitz do Tr\u00e2nsito - Ascana \u2022 A for\u00e7a da nossa regi\u00e3o.","isPartOf":{"@id":"https:\/\/www.ascana.com.br\/#website"},"primaryImageOfPage":{"@id":"https:\/\/www.ascana.com.br\/index.php\/ascana-e-zilor-promovem-blitz-do-transito\/#primaryimage"},"image":{"@id":"https:\/\/www.ascana.com.br\/index.php\/ascana-e-zilor-promovem-blitz-do-transito\/#primaryimage"},"thumbnailUrl":"https:\/\/www.ascana.com.br\/wp-content\/uploads\/2024\/07\/Blitz-2-scaled.jpg","datePublished":"2024-07-12T14:40:05+00:00","dateModified":"2024-07-12T14:40:07+00:00","breadcrumb":{"@id":"https:\/\/www.ascana.com.br\/index.php\/ascana-e-zilor-promovem-blitz-do-transito\/#breadcrumb"},"inLanguage":"pt-BR","potentialAction":[{"@type":"ReadAction","target":["https:\/\/www.ascana.com.br\/index.php\/ascana-e-zilor-promovem-blitz-do-transito\/"]}]},{"@type":"ImageObject","inLanguage":"pt-BR","@id":"https:\/\/www.ascana.com.br\/index.php\/ascana-e-zilor-promovem-blitz-do-transito\/#primaryimage","url":"https:\/\/www.ascana.com.br\/wp-content\/uploads\/2024\/07\/Blitz-2-scaled.jpg","contentUrl":"https:\/\/www.ascana.com.br\/wp-content\/uploads\/2024\/07\/Blitz-2-scaled.jpg","width":2560,"height":1439,"caption":"Blitz do Tr\u00e2nsito foi realizada nos postos de combust\u00edveis Coop, nas usinas S\u00e3o Jos\u00e9 e Barra Grande, e levou informa\u00e7\u00f5es aos motoristas canavieiros e da comunidade"},{"@type":"BreadcrumbList","@id":"https:\/\/www.ascana.com.br\/index.php\/ascana-e-zilor-promovem-blitz-do-transito\/#breadcrumb","itemListElement":[{"@type":"ListItem","position":1,"name":"In\u00edcio","item":"https:\/\/www.ascana.com.br\/"},{"@type":"ListItem","position":2,"name":"Ascana e Zilor promovem Blitz do Tr\u00e2nsito"}]},{"@type":"WebSite","@id":"https:\/\/www.ascana.com.br\/#website","url":"https:\/\/www.ascana.com.br\/","name":"Ascana \u2022 A for\u00e7a da nossa regi\u00e3o.","description":"Associa\u00e7\u00e3o dos Plantadores de Cana do M\u00e9dio Tiet\u00ea.","publisher":{"@id":"https:\/\/www.ascana.com.br\/#organization"},"potentialAction":[{"@type":"SearchAction","target":{"@type":"EntryPoint","urlTemplate":"https:\/\/www.ascana.com.br\/?s={search_term_string}"},"query-input":{"@type":"PropertyValueSpecification","valueRequired":true,"valueName":"search_term_string"}}],"inLanguage":"pt-BR"},{"@type":"Organization","@id":"https:\/\/www.ascana.com.br\/#organization","name":"Ascana \u2022 A for\u00e7a da nossa regi\u00e3o.","url":"https:\/\/www.ascana.com.br\/","logo":{"@type":"ImageObject","inLanguage":"pt-BR","@id":"https:\/\/www.ascana.com.br\/#\/schema\/logo\/image\/","url":"https:\/\/www.ascana.com.br\/wp-content\/uploads\/2023\/02\/logo_rgb.png","contentUrl":"https:\/\/www.ascana.com.br\/wp-content\/uploads\/2023\/02\/logo_rgb.png","width":500,"height":126,"caption":"Ascana \u2022 A for\u00e7a da nossa regi\u00e3o."},"image":{"@id":"https:\/\/www.ascana.com.br\/#\/schema\/logo\/image\/"},"sameAs":["https:\/\/facebook.com\/ascanasp","https:\/\/instagram.com\/ascanasp"]},{"@type":"Person","@id":"https:\/\/www.ascana.com.br\/#\/schema\/person\/ba46e5a0d0832ce98d08ca6bc7a28538","name":"Concei\u00e7\u00e3o Carpanezi","image":{"@type":"ImageObject","inLanguage":"pt-BR","@id":"https:\/\/www.ascana.com.br\/#\/schema\/person\/image\/","url":"https:\/\/secure.gravatar.com\/avatar\/0a0e47a8d0dd139d6c690605279035cce5f75e578c91ab911783b55f859aa37f?s=96&d=mm&r=g","contentUrl":"https:\/\/secure.gravatar.com\/avatar\/0a0e47a8d0dd139d6c690605279035cce5f75e578c91ab911783b55f859aa37f?s=96&d=mm&r=g","caption":"Concei\u00e7\u00e3o Carpanezi"},"sameAs":["http:\/\/ascana.com.br"],"url":"https:\/\/www.ascana.com.br\/index.php\/author\/conceicao\/"}]}},"_links":{"self":[{"href":"https:\/\/www.ascana.com.br\/index.php\/wp-json\/wp\/v2\/posts\/1234","targetHints":{"allow":["GET"]}}],"collection":[{"href":"https:\/\/www.ascana.com.br\/index.php\/wp-json\/wp\/v2\/posts"}],"about":[{"href":"https:\/\/www.ascana.com.br\/index.php\/wp-json\/wp\/v2\/types\/post"}],"author":[{"embeddable":true,"href":"https:\/\/www.ascana.com.br\/index.php\/wp-json\/wp\/v2\/users\/2"}],"replies":[{"embeddable":true,"href":"https:\/\/www.ascana.com.br\/index.php\/wp-json\/wp\/v2\/comments?post=1234"}],"version-history":[{"count":1,"href":"https:\/\/www.ascana.com.br\/index.php\/wp-json\/wp\/v2\/posts\/1234\/revisions"}],"predecessor-version":[{"id":1236,"href":"https:\/\/www.ascana.com.br\/index.php\/wp-json\/wp\/v2\/posts\/1234\/revisions\/1236"}],"wp:featuredmedia":[{"embeddable":true,"href":"https:\/\/www.ascana.com.br\/index.php\/wp-json\/wp\/v2\/media\/1235"}],"wp:attachment":[{"href":"https:\/\/www.ascana.com.br\/index.php\/wp-json\/wp\/v2\/media?parent=1234"}],"wp:term":[{"taxonomy":"category","embeddable":true,"href":"https:\/\/www.ascana.com.br\/index.php\/wp-json\/wp\/v2\/categories?post=1234"},{"taxonomy":"post_tag","embeddable":true,"href":"https:\/\/www.ascana.com.br\/index.php\/wp-json\/wp\/v2\/tags?post=1234"}],"curies":[{"name":"wp","href":"https:\/\/api.w.org\/{rel}","templated":true}]}}