{"id":1237,"date":"2024-07-12T11:46:27","date_gmt":"2024-07-12T14:46:27","guid":{"rendered":"https:\/\/www.ascana.com.br\/?p=1237"},"modified":"2024-07-12T11:46:29","modified_gmt":"2024-07-12T14:46:29","slug":"ascana-e-zilor-lancam-campanha-juntos-contra-o-fogo","status":"publish","type":"post","link":"https:\/\/www.ascana.com.br\/index.php\/ascana-e-zilor-lancam-campanha-juntos-contra-o-fogo\/","title":{"rendered":"Ascana e Zilor lan\u00e7am campanha Juntos contra o Fogo"},"content":{"rendered":"\n<p><\/p>\n\n\n\n<p><em>Campanha Juntos contra o Fogo tem como objetivo conscientizar a popula\u00e7\u00e3o da import\u00e2ncia ao combate ao fogo acidental ou criminoso.<\/em><\/p>\n\n\n\n<p>Os trabalhos de preven\u00e7\u00e3o e combate ao fogo criminoso ou acidental realizado pela Ascana e a Zilor durante o ano todo ganha refor\u00e7o com o lan\u00e7amento da Campanha Juntos contra o Fogo.<\/p>\n\n\n\n<p>A campanha chega \u00e1s ruas neste m\u00eas de junho e integra as a\u00e7\u00f5es internas como o servi\u00e7o de monitoramento de fogo e as equipes de brigadas de inc\u00eandio com a conscientiza\u00e7\u00e3o da comunidade para a mudan\u00e7a de h\u00e1bitos que possam provocar inc\u00eandios.<\/p>\n\n\n\n<p>A Ascana e a Zilor n\u00e3o usam o fogo na colheita de cana-de-a\u00e7\u00facar desde 2017, mas ainda h\u00e1 ocorr\u00eancia de inc\u00eandios, por\u00e9m s\u00e3o de origem criminosa ou acidental, os quais s\u00e3o respons\u00e1veis pela destrui\u00e7\u00e3o de canaviais e florestas e podem matar ou ferir os animais.<\/p>\n\n\n\n<p>O servi\u00e7o de monitoramento \u00e9 feito por 5 c\u00e2meras instaladas em pontos estrat\u00e9gicos e sat\u00e9lite que cobrem os 130 mil hectares de canaviais na regi\u00e3o.<\/p>\n\n\n\n<p>\u201cN\u00f3s investimos no monitoramento com c\u00e2meras inteligentes que detectam a fuma\u00e7a em tempo real, o que tem trazido um bom resultado porque o tempo de resposta \u00e9 mais curto e quanto mais r\u00e1pido voc\u00ea chega no fogo, mais eficiente \u00e9 o combate. Temos a plataforma Cyan, que monitora via sat\u00e9lite, e um grupo de WhatsApp dos brigadistas\u201d, explica Pedro Lu\u00eds Lorenzetti, presidente da Ascana (Associa\u00e7\u00e3o dos Plantadores de Cana do M\u00e9dio Tiet\u00ea).<\/p>\n\n\n\n<p>A equipe de combate ao fogo \u00e9 formada por 54 caminh\u00f5es pipas e 208 brigadistas treinados que s\u00e3o colaboradores das agr\u00edcolas associadas \u00e0 Ascana e da Zilor.<\/p>\n\n\n\n<p>O telefone 0800 700 193 0 recebe den\u00fancias de focos de inc\u00eandios em canaviais da \u00e1rea de abrang\u00eancia da Ascana, 24 horas por dia em todos os dias do ano.<\/p>\n\n\n\n<p>\u201cEste ano o clima est\u00e1 muito seco e as temperaturas est\u00e3o acima da m\u00e9dia e, neste cen\u00e1rio, qualquer foco de inc\u00eandio tem a probabilidade de se alastrar rapidamente. Esta campanha de conscientiza\u00e7\u00e3o \u00e9 muito importante para evitar os danos porque no inc\u00eandio todo mundo perde. Os danos materiais a gente consegue repor, mas a vida dos animais a gente n\u00e3o consegue trazer de volta\u201d, avalia Claudio Campanholi, gerente de Parcerias Agr\u00edcolas da Zilor Energia e Alimentos.<\/p>\n\n\n\n<p>A proposta da Campanha Juntos contra o Fogo \u00e9 conscientizar as pessoas de que a preven\u00e7\u00e3o de inc\u00eandios \u00e9 uma tarefa que precisa ser feita por todos.<\/p>\n\n\n\n<p>\u201cPrecisamos conscientizar as pessoas para n\u00e3o fazerem uso do fogo para limpeza de terrenos, n\u00e3o jogar bitucas de cigarro e lixo em locais inadequados, pois s\u00e3o a\u00e7\u00f5es que trazem consequ\u00eancias e podem provocar inc\u00eandios\u201d, ressalta Lorenzetti.<\/p>\n\n\n\n<p>A campanha, que vai at\u00e9 o final da safra, conta com v\u00e1rias atividades, pe\u00e7as publicit\u00e1rias e um concurso cultural realizado no segundo semestre nas escolas da regi\u00e3o.<\/p>\n","protected":false},"excerpt":{"rendered":"<p>Campanha Juntos contra o Fogo tem como objetivo conscientizar a popula\u00e7\u00e3o da import\u00e2ncia ao combate ao fogo acidental ou criminoso. Os trabalhos de preven\u00e7\u00e3o e combate ao fogo criminoso ou acidental realizado pela Ascana e a Zilor durante o ano todo ganha refor\u00e7o com o lan\u00e7amento da Campanha Juntos contra o Fogo. A campanha chega [&hellip;]<\/p>\n","protected":false},"author":2,"featured_media":1238,"comment_status":"open","ping_status":"open","sticky":false,"template":"","format":"standard","meta":{"footnotes":""},"categories":[6],"tags":[],"class_list":["post-1237","post","type-post","status-publish","format-standard","has-post-thumbnail","hentry","category-noticias"],"yoast_head":"<!-- This site is optimized with the Yoast SEO plugin v26.7 - https:\/\/yoast.com\/wordpress\/plugins\/seo\/ -->\r\n<title>Ascana e Zilor lan\u00e7am campanha Juntos contra o Fogo - Ascana \u2022 A for\u00e7a da nossa regi\u00e3o.<\/title>\r\n<meta name=\"robots\" content=\"index, follow, max-snippet:-1, max-image-preview:large, max-video-preview:-1\" \/>\r\n<link rel=\"canonical\" href=\"https:\/\/www.ascana.com.br\/index.php\/ascana-e-zilor-lancam-campanha-juntos-contra-o-fogo\/\" \/>\r\n<meta property=\"og:locale\" content=\"pt_BR\" \/>\r\n<meta property=\"og:type\" content=\"article\" \/>\r\n<meta property=\"og:title\" content=\"Ascana e Zilor lan\u00e7am campanha Juntos contra o Fogo - Ascana \u2022 A for\u00e7a da nossa regi\u00e3o.\" \/>\r\n<meta property=\"og:description\" content=\"Campanha Juntos contra o Fogo tem como objetivo conscientizar a popula\u00e7\u00e3o da import\u00e2ncia ao combate ao fogo acidental ou criminoso. Os trabalhos de preven\u00e7\u00e3o e combate ao fogo criminoso ou acidental realizado pela Ascana e a Zilor durante o ano todo ganha refor\u00e7o com o lan\u00e7amento da Campanha Juntos contra o Fogo. A campanha chega [&hellip;]\" \/>\r\n<meta property=\"og:url\" content=\"https:\/\/www.ascana.com.br\/index.php\/ascana-e-zilor-lancam-campanha-juntos-contra-o-fogo\/\" \/>\r\n<meta property=\"og:site_name\" content=\"Ascana \u2022 A for\u00e7a da nossa regi\u00e3o.\" \/>\r\n<meta property=\"article:publisher\" content=\"https:\/\/facebook.com\/ascanasp\" \/>\r\n<meta property=\"article:published_time\" content=\"2024-07-12T14:46:27+00:00\" \/>\r\n<meta property=\"article:modified_time\" content=\"2024-07-12T14:46:29+00:00\" \/>\r\n<meta property=\"og:image\" content=\"https:\/\/www.ascana.com.br\/wp-content\/uploads\/2024\/07\/FOTO-MONITORAMENTO.jpg\" \/>\r\n\t<meta property=\"og:image:width\" content=\"1910\" \/>\r\n\t<meta property=\"og:image:height\" content=\"962\" \/>\r\n\t<meta property=\"og:image:type\" content=\"image\/jpeg\" \/>\r\n<meta name=\"author\" content=\"Concei\u00e7\u00e3o Carpanezi\" \/>\r\n<meta name=\"twitter:card\" content=\"summary_large_image\" \/>\r\n<meta name=\"twitter:label1\" content=\"Escrito por\" \/>\n\t<meta name=\"twitter:data1\" content=\"Concei\u00e7\u00e3o Carpanezi\" \/>\n\t<meta name=\"twitter:label2\" content=\"Est. tempo de leitura\" \/>\n\t<meta name=\"twitter:data2\" content=\"3 minutos\" \/>\r\n<script type=\"application\/ld+json\" class=\"yoast-schema-graph\">{\"@context\":\"https:\/\/schema.org\",\"@graph\":[{\"@type\":\"Article\",\"@id\":\"https:\/\/www.ascana.com.br\/index.php\/ascana-e-zilor-lancam-campanha-juntos-contra-o-fogo\/#article\",\"isPartOf\":{\"@id\":\"https:\/\/www.ascana.com.br\/index.php\/ascana-e-zilor-lancam-campanha-juntos-contra-o-fogo\/\"},\"author\":{\"name\":\"Concei\u00e7\u00e3o Carpanezi\",\"@id\":\"https:\/\/www.ascana.com.br\/#\/schema\/person\/ba46e5a0d0832ce98d08ca6bc7a28538\"},\"headline\":\"Ascana e Zilor lan\u00e7am campanha Juntos contra o Fogo\",\"datePublished\":\"2024-07-12T14:46:27+00:00\",\"dateModified\":\"2024-07-12T14:46:29+00:00\",\"mainEntityOfPage\":{\"@id\":\"https:\/\/www.ascana.com.br\/index.php\/ascana-e-zilor-lancam-campanha-juntos-contra-o-fogo\/\"},\"wordCount\":512,\"commentCount\":0,\"publisher\":{\"@id\":\"https:\/\/www.ascana.com.br\/#organization\"},\"image\":{\"@id\":\"https:\/\/www.ascana.com.br\/index.php\/ascana-e-zilor-lancam-campanha-juntos-contra-o-fogo\/#primaryimage\"},\"thumbnailUrl\":\"https:\/\/www.ascana.com.br\/wp-content\/uploads\/2024\/07\/FOTO-MONITORAMENTO.jpg\",\"articleSection\":[\"Not\u00edcias\"],\"inLanguage\":\"pt-BR\",\"potentialAction\":[{\"@type\":\"CommentAction\",\"name\":\"Comment\",\"target\":[\"https:\/\/www.ascana.com.br\/index.php\/ascana-e-zilor-lancam-campanha-juntos-contra-o-fogo\/#respond\"]}]},{\"@type\":\"WebPage\",\"@id\":\"https:\/\/www.ascana.com.br\/index.php\/ascana-e-zilor-lancam-campanha-juntos-contra-o-fogo\/\",\"url\":\"https:\/\/www.ascana.com.br\/index.php\/ascana-e-zilor-lancam-campanha-juntos-contra-o-fogo\/\",\"name\":\"Ascana e Zilor lan\u00e7am campanha Juntos contra o Fogo - Ascana \u2022 A for\u00e7a da nossa regi\u00e3o.\",\"isPartOf\":{\"@id\":\"https:\/\/www.ascana.com.br\/#website\"},\"primaryImageOfPage\":{\"@id\":\"https:\/\/www.ascana.com.br\/index.php\/ascana-e-zilor-lancam-campanha-juntos-contra-o-fogo\/#primaryimage\"},\"image\":{\"@id\":\"https:\/\/www.ascana.com.br\/index.php\/ascana-e-zilor-lancam-campanha-juntos-contra-o-fogo\/#primaryimage\"},\"thumbnailUrl\":\"https:\/\/www.ascana.com.br\/wp-content\/uploads\/2024\/07\/FOTO-MONITORAMENTO.jpg\",\"datePublished\":\"2024-07-12T14:46:27+00:00\",\"dateModified\":\"2024-07-12T14:46:29+00:00\",\"breadcrumb\":{\"@id\":\"https:\/\/www.ascana.com.br\/index.php\/ascana-e-zilor-lancam-campanha-juntos-contra-o-fogo\/#breadcrumb\"},\"inLanguage\":\"pt-BR\",\"potentialAction\":[{\"@type\":\"ReadAction\",\"target\":[\"https:\/\/www.ascana.com.br\/index.php\/ascana-e-zilor-lancam-campanha-juntos-contra-o-fogo\/\"]}]},{\"@type\":\"ImageObject\",\"inLanguage\":\"pt-BR\",\"@id\":\"https:\/\/www.ascana.com.br\/index.php\/ascana-e-zilor-lancam-campanha-juntos-contra-o-fogo\/#primaryimage\",\"url\":\"https:\/\/www.ascana.com.br\/wp-content\/uploads\/2024\/07\/FOTO-MONITORAMENTO.jpg\",\"contentUrl\":\"https:\/\/www.ascana.com.br\/wp-content\/uploads\/2024\/07\/FOTO-MONITORAMENTO.jpg\",\"width\":1910,\"height\":962,\"caption\":\"Campanha Juntos Contra o Fogo vai at\u00e9 o final da safra\"},{\"@type\":\"BreadcrumbList\",\"@id\":\"https:\/\/www.ascana.com.br\/index.php\/ascana-e-zilor-lancam-campanha-juntos-contra-o-fogo\/#breadcrumb\",\"itemListElement\":[{\"@type\":\"ListItem\",\"position\":1,\"name\":\"In\u00edcio\",\"item\":\"https:\/\/www.ascana.com.br\/\"},{\"@type\":\"ListItem\",\"position\":2,\"name\":\"Ascana e Zilor lan\u00e7am campanha Juntos contra o Fogo\"}]},{\"@type\":\"WebSite\",\"@id\":\"https:\/\/www.ascana.com.br\/#website\",\"url\":\"https:\/\/www.ascana.com.br\/\",\"name\":\"Ascana \u2022 A for\u00e7a da nossa regi\u00e3o.\",\"description\":\"Associa\u00e7\u00e3o dos Plantadores de Cana do M\u00e9dio Tiet\u00ea.\",\"publisher\":{\"@id\":\"https:\/\/www.ascana.com.br\/#organization\"},\"potentialAction\":[{\"@type\":\"SearchAction\",\"target\":{\"@type\":\"EntryPoint\",\"urlTemplate\":\"https:\/\/www.ascana.com.br\/?s={search_term_string}\"},\"query-input\":{\"@type\":\"PropertyValueSpecification\",\"valueRequired\":true,\"valueName\":\"search_term_string\"}}],\"inLanguage\":\"pt-BR\"},{\"@type\":\"Organization\",\"@id\":\"https:\/\/www.ascana.com.br\/#organization\",\"name\":\"Ascana \u2022 A for\u00e7a da nossa regi\u00e3o.\",\"url\":\"https:\/\/www.ascana.com.br\/\",\"logo\":{\"@type\":\"ImageObject\",\"inLanguage\":\"pt-BR\",\"@id\":\"https:\/\/www.ascana.com.br\/#\/schema\/logo\/image\/\",\"url\":\"https:\/\/www.ascana.com.br\/wp-content\/uploads\/2023\/02\/logo_rgb.png\",\"contentUrl\":\"https:\/\/www.ascana.com.br\/wp-content\/uploads\/2023\/02\/logo_rgb.png\",\"width\":500,\"height\":126,\"caption\":\"Ascana \u2022 A for\u00e7a da nossa regi\u00e3o.\"},\"image\":{\"@id\":\"https:\/\/www.ascana.com.br\/#\/schema\/logo\/image\/\"},\"sameAs\":[\"https:\/\/facebook.com\/ascanasp\",\"https:\/\/instagram.com\/ascanasp\"]},{\"@type\":\"Person\",\"@id\":\"https:\/\/www.ascana.com.br\/#\/schema\/person\/ba46e5a0d0832ce98d08ca6bc7a28538\",\"name\":\"Concei\u00e7\u00e3o Carpanezi\",\"image\":{\"@type\":\"ImageObject\",\"inLanguage\":\"pt-BR\",\"@id\":\"https:\/\/www.ascana.com.br\/#\/schema\/person\/image\/\",\"url\":\"https:\/\/secure.gravatar.com\/avatar\/0a0e47a8d0dd139d6c690605279035cce5f75e578c91ab911783b55f859aa37f?s=96&d=mm&r=g\",\"contentUrl\":\"https:\/\/secure.gravatar.com\/avatar\/0a0e47a8d0dd139d6c690605279035cce5f75e578c91ab911783b55f859aa37f?s=96&d=mm&r=g\",\"caption\":\"Concei\u00e7\u00e3o Carpanezi\"},\"sameAs\":[\"http:\/\/ascana.com.br\"],\"url\":\"https:\/\/www.ascana.com.br\/index.php\/author\/conceicao\/\"}]}<\/script>\r\n<!-- \/ Yoast SEO plugin. -->","yoast_head_json":{"title":"Ascana e Zilor lan\u00e7am campanha Juntos contra o Fogo - Ascana \u2022 A for\u00e7a da nossa regi\u00e3o.","robots":{"index":"index","follow":"follow","max-snippet":"max-snippet:-1","max-image-preview":"max-image-preview:large","max-video-preview":"max-video-preview:-1"},"canonical":"https:\/\/www.ascana.com.br\/index.php\/ascana-e-zilor-lancam-campanha-juntos-contra-o-fogo\/","og_locale":"pt_BR","og_type":"article","og_title":"Ascana e Zilor lan\u00e7am campanha Juntos contra o Fogo - Ascana \u2022 A for\u00e7a da nossa regi\u00e3o.","og_description":"Campanha Juntos contra o Fogo tem como objetivo conscientizar a popula\u00e7\u00e3o da import\u00e2ncia ao combate ao fogo acidental ou criminoso. Os trabalhos de preven\u00e7\u00e3o e combate ao fogo criminoso ou acidental realizado pela Ascana e a Zilor durante o ano todo ganha refor\u00e7o com o lan\u00e7amento da Campanha Juntos contra o Fogo. A campanha chega [&hellip;]","og_url":"https:\/\/www.ascana.com.br\/index.php\/ascana-e-zilor-lancam-campanha-juntos-contra-o-fogo\/","og_site_name":"Ascana \u2022 A for\u00e7a da nossa regi\u00e3o.","article_publisher":"https:\/\/facebook.com\/ascanasp","article_published_time":"2024-07-12T14:46:27+00:00","article_modified_time":"2024-07-12T14:46:29+00:00","og_image":[{"width":1910,"height":962,"url":"https:\/\/www.ascana.com.br\/wp-content\/uploads\/2024\/07\/FOTO-MONITORAMENTO.jpg","type":"image\/jpeg"}],"author":"Concei\u00e7\u00e3o Carpanezi","twitter_card":"summary_large_image","twitter_misc":{"Escrito por":"Concei\u00e7\u00e3o Carpanezi","Est. tempo de leitura":"3 minutos"},"schema":{"@context":"https:\/\/schema.org","@graph":[{"@type":"Article","@id":"https:\/\/www.ascana.com.br\/index.php\/ascana-e-zilor-lancam-campanha-juntos-contra-o-fogo\/#article","isPartOf":{"@id":"https:\/\/www.ascana.com.br\/index.php\/ascana-e-zilor-lancam-campanha-juntos-contra-o-fogo\/"},"author":{"name":"Concei\u00e7\u00e3o Carpanezi","@id":"https:\/\/www.ascana.com.br\/#\/schema\/person\/ba46e5a0d0832ce98d08ca6bc7a28538"},"headline":"Ascana e Zilor lan\u00e7am campanha Juntos contra o Fogo","datePublished":"2024-07-12T14:46:27+00:00","dateModified":"2024-07-12T14:46:29+00:00","mainEntityOfPage":{"@id":"https:\/\/www.ascana.com.br\/index.php\/ascana-e-zilor-lancam-campanha-juntos-contra-o-fogo\/"},"wordCount":512,"commentCount":0,"publisher":{"@id":"https:\/\/www.ascana.com.br\/#organization"},"image":{"@id":"https:\/\/www.ascana.com.br\/index.php\/ascana-e-zilor-lancam-campanha-juntos-contra-o-fogo\/#primaryimage"},"thumbnailUrl":"https:\/\/www.ascana.com.br\/wp-content\/uploads\/2024\/07\/FOTO-MONITORAMENTO.jpg","articleSection":["Not\u00edcias"],"inLanguage":"pt-BR","potentialAction":[{"@type":"CommentAction","name":"Comment","target":["https:\/\/www.ascana.com.br\/index.php\/ascana-e-zilor-lancam-campanha-juntos-contra-o-fogo\/#respond"]}]},{"@type":"WebPage","@id":"https:\/\/www.ascana.com.br\/index.php\/ascana-e-zilor-lancam-campanha-juntos-contra-o-fogo\/","url":"https:\/\/www.ascana.com.br\/index.php\/ascana-e-zilor-lancam-campanha-juntos-contra-o-fogo\/","name":"Ascana e Zilor lan\u00e7am campanha Juntos contra o Fogo - Ascana \u2022 A for\u00e7a da nossa regi\u00e3o.","isPartOf":{"@id":"https:\/\/www.ascana.com.br\/#website"},"primaryImageOfPage":{"@id":"https:\/\/www.ascana.com.br\/index.php\/ascana-e-zilor-lancam-campanha-juntos-contra-o-fogo\/#primaryimage"},"image":{"@id":"https:\/\/www.ascana.com.br\/index.php\/ascana-e-zilor-lancam-campanha-juntos-contra-o-fogo\/#primaryimage"},"thumbnailUrl":"https:\/\/www.ascana.com.br\/wp-content\/uploads\/2024\/07\/FOTO-MONITORAMENTO.jpg","datePublished":"2024-07-12T14:46:27+00:00","dateModified":"2024-07-12T14:46:29+00:00","breadcrumb":{"@id":"https:\/\/www.ascana.com.br\/index.php\/ascana-e-zilor-lancam-campanha-juntos-contra-o-fogo\/#breadcrumb"},"inLanguage":"pt-BR","potentialAction":[{"@type":"ReadAction","target":["https:\/\/www.ascana.com.br\/index.php\/ascana-e-zilor-lancam-campanha-juntos-contra-o-fogo\/"]}]},{"@type":"ImageObject","inLanguage":"pt-BR","@id":"https:\/\/www.ascana.com.br\/index.php\/ascana-e-zilor-lancam-campanha-juntos-contra-o-fogo\/#primaryimage","url":"https:\/\/www.ascana.com.br\/wp-content\/uploads\/2024\/07\/FOTO-MONITORAMENTO.jpg","contentUrl":"https:\/\/www.ascana.com.br\/wp-content\/uploads\/2024\/07\/FOTO-MONITORAMENTO.jpg","width":1910,"height":962,"caption":"Campanha Juntos Contra o Fogo vai at\u00e9 o final da safra"},{"@type":"BreadcrumbList","@id":"https:\/\/www.ascana.com.br\/index.php\/ascana-e-zilor-lancam-campanha-juntos-contra-o-fogo\/#breadcrumb","itemListElement":[{"@type":"ListItem","position":1,"name":"In\u00edcio","item":"https:\/\/www.ascana.com.br\/"},{"@type":"ListItem","position":2,"name":"Ascana e Zilor lan\u00e7am campanha Juntos contra o Fogo"}]},{"@type":"WebSite","@id":"https:\/\/www.ascana.com.br\/#website","url":"https:\/\/www.ascana.com.br\/","name":"Ascana \u2022 A for\u00e7a da nossa regi\u00e3o.","description":"Associa\u00e7\u00e3o dos Plantadores de Cana do M\u00e9dio Tiet\u00ea.","publisher":{"@id":"https:\/\/www.ascana.com.br\/#organization"},"potentialAction":[{"@type":"SearchAction","target":{"@type":"EntryPoint","urlTemplate":"https:\/\/www.ascana.com.br\/?s={search_term_string}"},"query-input":{"@type":"PropertyValueSpecification","valueRequired":true,"valueName":"search_term_string"}}],"inLanguage":"pt-BR"},{"@type":"Organization","@id":"https:\/\/www.ascana.com.br\/#organization","name":"Ascana \u2022 A for\u00e7a da nossa regi\u00e3o.","url":"https:\/\/www.ascana.com.br\/","logo":{"@type":"ImageObject","inLanguage":"pt-BR","@id":"https:\/\/www.ascana.com.br\/#\/schema\/logo\/image\/","url":"https:\/\/www.ascana.com.br\/wp-content\/uploads\/2023\/02\/logo_rgb.png","contentUrl":"https:\/\/www.ascana.com.br\/wp-content\/uploads\/2023\/02\/logo_rgb.png","width":500,"height":126,"caption":"Ascana \u2022 A for\u00e7a da nossa regi\u00e3o."},"image":{"@id":"https:\/\/www.ascana.com.br\/#\/schema\/logo\/image\/"},"sameAs":["https:\/\/facebook.com\/ascanasp","https:\/\/instagram.com\/ascanasp"]},{"@type":"Person","@id":"https:\/\/www.ascana.com.br\/#\/schema\/person\/ba46e5a0d0832ce98d08ca6bc7a28538","name":"Concei\u00e7\u00e3o Carpanezi","image":{"@type":"ImageObject","inLanguage":"pt-BR","@id":"https:\/\/www.ascana.com.br\/#\/schema\/person\/image\/","url":"https:\/\/secure.gravatar.com\/avatar\/0a0e47a8d0dd139d6c690605279035cce5f75e578c91ab911783b55f859aa37f?s=96&d=mm&r=g","contentUrl":"https:\/\/secure.gravatar.com\/avatar\/0a0e47a8d0dd139d6c690605279035cce5f75e578c91ab911783b55f859aa37f?s=96&d=mm&r=g","caption":"Concei\u00e7\u00e3o Carpanezi"},"sameAs":["http:\/\/ascana.com.br"],"url":"https:\/\/www.ascana.com.br\/index.php\/author\/conceicao\/"}]}},"_links":{"self":[{"href":"https:\/\/www.ascana.com.br\/index.php\/wp-json\/wp\/v2\/posts\/1237","targetHints":{"allow":["GET"]}}],"collection":[{"href":"https:\/\/www.ascana.com.br\/index.php\/wp-json\/wp\/v2\/posts"}],"about":[{"href":"https:\/\/www.ascana.com.br\/index.php\/wp-json\/wp\/v2\/types\/post"}],"author":[{"embeddable":true,"href":"https:\/\/www.ascana.com.br\/index.php\/wp-json\/wp\/v2\/users\/2"}],"replies":[{"embeddable":true,"href":"https:\/\/www.ascana.com.br\/index.php\/wp-json\/wp\/v2\/comments?post=1237"}],"version-history":[{"count":1,"href":"https:\/\/www.ascana.com.br\/index.php\/wp-json\/wp\/v2\/posts\/1237\/revisions"}],"predecessor-version":[{"id":1239,"href":"https:\/\/www.ascana.com.br\/index.php\/wp-json\/wp\/v2\/posts\/1237\/revisions\/1239"}],"wp:featuredmedia":[{"embeddable":true,"href":"https:\/\/www.ascana.com.br\/index.php\/wp-json\/wp\/v2\/media\/1238"}],"wp:attachment":[{"href":"https:\/\/www.ascana.com.br\/index.php\/wp-json\/wp\/v2\/media?parent=1237"}],"wp:term":[{"taxonomy":"category","embeddable":true,"href":"https:\/\/www.ascana.com.br\/index.php\/wp-json\/wp\/v2\/categories?post=1237"},{"taxonomy":"post_tag","embeddable":true,"href":"https:\/\/www.ascana.com.br\/index.php\/wp-json\/wp\/v2\/tags?post=1237"}],"curies":[{"name":"wp","href":"https:\/\/api.w.org\/{rel}","templated":true}]}}