{"id":856,"date":"2023-07-27T07:51:26","date_gmt":"2023-07-27T10:51:26","guid":{"rendered":"https:\/\/www.ascana.com.br\/?p=856"},"modified":"2023-07-27T07:52:40","modified_gmt":"2023-07-27T10:52:40","slug":"ascana-e-zilor-lancam-campanha-de-combate-a-incendios","status":"publish","type":"post","link":"https:\/\/www.ascana.com.br\/index.php\/ascana-e-zilor-lancam-campanha-de-combate-a-incendios\/","title":{"rendered":"Ascana e Zilor lan\u00e7am campanha de combate a inc\u00eandios"},"content":{"rendered":"\n<p><em>Sem usar o fogo na colheita de cana desde 2017, a Ascana e a Zilor pedem colabora\u00e7\u00e3o da popula\u00e7\u00e3o para evitar o fogo criminoso ou acidental.<\/em><em><\/em><\/p>\n\n\n\n<p>A Ascana e a Zilor n\u00e3o usam o fogo na colheita de cana-de-a\u00e7\u00facar desde 2017, mas os inc\u00eandios criminosos ou acidentais destroem os canaviais e as \u00e1reas de mata e podem ferir ou matar os animais.<\/p>\n\n\n\n<p>\u00c9 importante ressaltar que a cana \u00e9 colhida crua, sem o uso do fogo e que a Zilor, os associados da Ascana e os produtores parceiros foram os primeiros a aderir ao Protocolo Agroambiental Etanol Mais Verde, em 2007, que prega a elimina\u00e7\u00e3o da queima da palha da cana na colheita.<\/p>\n\n\n\n<p>A Campanha Juntos Contra o Fogo traz orienta\u00e7\u00f5es e visa mobilizar a comunidade para uma mudan\u00e7a de h\u00e1bitos que leve a preven\u00e7\u00e3o de focos de inc\u00eandio.<\/p>\n\n\n\n<p>Al\u00e9m de crime ambiental, jogar bitucas de cigarro \u00e0s margens das estradas, fazer uso de fogo para limpeza de terrenos, soltar bal\u00f5es, fazer fogueiras e acender velas nas matas s\u00e3o h\u00e1bitos que podem provocar grandes inc\u00eandios.<\/p>\n\n\n\n<p>Outro ponto que merece aten\u00e7\u00e3o \u00e9 o descarte irregular de lixo nos canaviais j\u00e1 que o vidro exposto ao sol pode gerar uma combust\u00e3o espont\u00e2nea e iniciar um foco de inc\u00eandio.<\/p>\n\n\n\n<p>J\u00e1 o fogo acidental provocado por raios ou curto-circuito em rede el\u00e9trica, por exemplo, \u00e9 dif\u00edcil de prevenir.<\/p>\n\n\n\n<p>Entretanto, o uso da tecnologia possibilita que o combate e controle do fogo seja feito de forma mais r\u00e1pida.<\/p>\n\n\n\n<p>\u201cN\u00f3s temos uma estrutura, formada por sat\u00e9lite e c\u00e2meras, que monitora 130 mil hectares de lavouras de cana na regi\u00e3o, j\u00e1 o combate \u00e9 feito por brigadas de inc\u00eandio e caminh\u00f5es tanque para que a gente consiga controlar o fogo o mais r\u00e1pido poss\u00edvel, mas o ideal era n\u00e3o ter fogo e, por isso, pedimos a colabora\u00e7\u00e3o da comunidade\u201d, diz Pedro Lu\u00eds Lorenzetti, presidente da Ascana.<\/p>\n\n\n\n<p>O sistema de monitoramento dos canaviais foi instalado em 2022 e \u00e9 composto por imagens de 1 sat\u00e9lite da Plataforma Cyan e 5 torres com c\u00e2meras que giram em 360 graus instaladas em pontos estrat\u00e9gicos e que detectam em tempo real a presen\u00e7a de fuma\u00e7a em qualquer ponto dos 130 mil hectares de cana-de-a\u00e7\u00facar plantados em 15 munic\u00edpios da regi\u00e3o.<\/p>\n\n\n\n<p>Assim que a fuma\u00e7a \u00e9 detectada, o sistema aciona as equipes de brigadas por meio de um grupo em aplicativo de mensagens informando as coordenadas e isso faz com que o combate ao fogo seja feito rapidamente.<\/p>\n\n\n\n<p>\u201cPara os produtores de cana associados \u00e0 Ascana e os Parceiros Agr\u00edcolas da Zilor, a Campanha Juntos contra o Fogo e todo pacote tecnol\u00f3gico s\u00e3o iniciativas para prevenir e combater os inc\u00eandios, que t\u00eam aumentado a cada ano. Investimos em tecnologia de ponta, que permite identificar e responsabilizar os causadores, inibindo que outras pessoas cometam esses atos de vandalismo, pois a maioria dos inc\u00eandios s\u00e3o criminosos\u201d, completa Cl\u00e1udio Campanholi, gerente de Parcerias Agr\u00edcolas da Zilor.<\/p>\n\n\n\n<p>\u201cN\u00f3s iniciamos o monitoramento em 2021 com o sat\u00e9lite e vimos os primeiros resultados satisfat\u00f3rios, com as c\u00e2meras e o sat\u00e9lite operando juntos conseguimos reduzir a \u00e1rea queimada de 2.358 hectares em 2021 para 1.081 hectares em 2022. E este \u00e9 um trabalho que envolve tecnologia e os nossos colaboradores\u201d, salienta o presidente da Ascana.<\/p>\n\n\n\n<p>A equipe de combate ao fogo da Ascana e da Zilor \u00e9 composta por 179 brigadistas treinados e por 52 caminh\u00f5es tanque equipados.<\/p>\n\n\n\n<p>A Campanha Juntos Contra o Fogo vai levar informa\u00e7\u00f5es aos moradores das cidades da regi\u00e3o por meio de pe\u00e7as publicit\u00e1rias veiculadas na m\u00eddia.<\/p>\n\n\n\n<p>A popula\u00e7\u00e3o tamb\u00e9m pode colaborar denunciando focos de inc\u00eandio pelo telefone 0800 700 193 0.<\/p>\n\n\n\n<figure class=\"wp-block-image size-large\"><img fetchpriority=\"high\" decoding=\"async\" width=\"1024\" height=\"768\" src=\"https:\/\/www.ascana.com.br\/wp-content\/uploads\/2023\/07\/colheita-safra-2021_2022-3-1024x768.jpeg\" alt=\"\" class=\"wp-image-858\" srcset=\"https:\/\/www.ascana.com.br\/wp-content\/uploads\/2023\/07\/colheita-safra-2021_2022-3-1024x768.jpeg 1024w, https:\/\/www.ascana.com.br\/wp-content\/uploads\/2023\/07\/colheita-safra-2021_2022-3-300x225.jpeg 300w, https:\/\/www.ascana.com.br\/wp-content\/uploads\/2023\/07\/colheita-safra-2021_2022-3-768x576.jpeg 768w, https:\/\/www.ascana.com.br\/wp-content\/uploads\/2023\/07\/colheita-safra-2021_2022-3.jpeg 1040w\" sizes=\"(max-width: 1024px) 100vw, 1024px\" \/><\/figure>\n","protected":false},"excerpt":{"rendered":"<p>Sem usar o fogo na colheita de cana desde 2017, a Ascana e a Zilor pedem colabora\u00e7\u00e3o da popula\u00e7\u00e3o para evitar o fogo criminoso ou acidental. A Ascana e a Zilor n\u00e3o usam o fogo na colheita de cana-de-a\u00e7\u00facar desde 2017, mas os inc\u00eandios criminosos ou acidentais destroem os canaviais e as \u00e1reas de mata [&hellip;]<\/p>\n","protected":false},"author":5,"featured_media":858,"comment_status":"open","ping_status":"open","sticky":false,"template":"","format":"standard","meta":{"footnotes":""},"categories":[6],"tags":[],"class_list":["post-856","post","type-post","status-publish","format-standard","has-post-thumbnail","hentry","category-noticias"],"yoast_head":"<!-- This site is optimized with the Yoast SEO plugin v26.7 - https:\/\/yoast.com\/wordpress\/plugins\/seo\/ -->\r\n<title>Ascana e Zilor lan\u00e7am campanha de combate a inc\u00eandios - Ascana \u2022 A for\u00e7a da nossa regi\u00e3o.<\/title>\r\n<meta name=\"description\" content=\"Sem usar o fogo na colheita de cana desde 2017, a Ascana e a Zilor pedem colabora\u00e7\u00e3o da popula\u00e7\u00e3o para evitar o fogo criminoso ou acidental.\" \/>\r\n<meta name=\"robots\" content=\"index, follow, max-snippet:-1, max-image-preview:large, max-video-preview:-1\" \/>\r\n<link rel=\"canonical\" href=\"https:\/\/www.ascana.com.br\/index.php\/ascana-e-zilor-lancam-campanha-de-combate-a-incendios\/\" \/>\r\n<meta property=\"og:locale\" content=\"pt_BR\" \/>\r\n<meta property=\"og:type\" content=\"article\" \/>\r\n<meta property=\"og:title\" content=\"Ascana e Zilor lan\u00e7am campanha de combate a inc\u00eandios - Ascana \u2022 A for\u00e7a da nossa regi\u00e3o.\" \/>\r\n<meta property=\"og:description\" content=\"Sem usar o fogo na colheita de cana desde 2017, a Ascana e a Zilor pedem colabora\u00e7\u00e3o da popula\u00e7\u00e3o para evitar o fogo criminoso ou acidental.\" \/>\r\n<meta property=\"og:url\" content=\"https:\/\/www.ascana.com.br\/index.php\/ascana-e-zilor-lancam-campanha-de-combate-a-incendios\/\" \/>\r\n<meta property=\"og:site_name\" content=\"Ascana \u2022 A for\u00e7a da nossa regi\u00e3o.\" \/>\r\n<meta property=\"article:publisher\" content=\"https:\/\/facebook.com\/ascanasp\" \/>\r\n<meta property=\"article:published_time\" content=\"2023-07-27T10:51:26+00:00\" \/>\r\n<meta property=\"article:modified_time\" content=\"2023-07-27T10:52:40+00:00\" \/>\r\n<meta property=\"og:image\" content=\"https:\/\/www.ascana.com.br\/wp-content\/uploads\/2023\/07\/colheita-safra-2021_2022-3.jpeg\" \/>\r\n\t<meta property=\"og:image:width\" content=\"1040\" \/>\r\n\t<meta property=\"og:image:height\" content=\"780\" \/>\r\n\t<meta property=\"og:image:type\" content=\"image\/jpeg\" \/>\r\n<meta name=\"author\" content=\"Logan Caversan\" \/>\r\n<meta name=\"twitter:card\" content=\"summary_large_image\" \/>\r\n<meta name=\"twitter:label1\" content=\"Escrito por\" \/>\n\t<meta name=\"twitter:data1\" content=\"Logan Caversan\" \/>\n\t<meta name=\"twitter:label2\" content=\"Est. tempo de leitura\" \/>\n\t<meta name=\"twitter:data2\" content=\"4 minutos\" \/>\r\n<script type=\"application\/ld+json\" class=\"yoast-schema-graph\">{\"@context\":\"https:\/\/schema.org\",\"@graph\":[{\"@type\":\"Article\",\"@id\":\"https:\/\/www.ascana.com.br\/index.php\/ascana-e-zilor-lancam-campanha-de-combate-a-incendios\/#article\",\"isPartOf\":{\"@id\":\"https:\/\/www.ascana.com.br\/index.php\/ascana-e-zilor-lancam-campanha-de-combate-a-incendios\/\"},\"author\":{\"name\":\"Logan Caversan\",\"@id\":\"https:\/\/www.ascana.com.br\/#\/schema\/person\/a5e9153dc8b9b2874f7d2e8773c4f2fc\"},\"headline\":\"Ascana e Zilor lan\u00e7am campanha de combate a inc\u00eandios\",\"datePublished\":\"2023-07-27T10:51:26+00:00\",\"dateModified\":\"2023-07-27T10:52:40+00:00\",\"mainEntityOfPage\":{\"@id\":\"https:\/\/www.ascana.com.br\/index.php\/ascana-e-zilor-lancam-campanha-de-combate-a-incendios\/\"},\"wordCount\":643,\"commentCount\":0,\"publisher\":{\"@id\":\"https:\/\/www.ascana.com.br\/#organization\"},\"image\":{\"@id\":\"https:\/\/www.ascana.com.br\/index.php\/ascana-e-zilor-lancam-campanha-de-combate-a-incendios\/#primaryimage\"},\"thumbnailUrl\":\"https:\/\/www.ascana.com.br\/wp-content\/uploads\/2023\/07\/colheita-safra-2021_2022-3.jpeg\",\"articleSection\":[\"Not\u00edcias\"],\"inLanguage\":\"pt-BR\",\"potentialAction\":[{\"@type\":\"CommentAction\",\"name\":\"Comment\",\"target\":[\"https:\/\/www.ascana.com.br\/index.php\/ascana-e-zilor-lancam-campanha-de-combate-a-incendios\/#respond\"]}]},{\"@type\":\"WebPage\",\"@id\":\"https:\/\/www.ascana.com.br\/index.php\/ascana-e-zilor-lancam-campanha-de-combate-a-incendios\/\",\"url\":\"https:\/\/www.ascana.com.br\/index.php\/ascana-e-zilor-lancam-campanha-de-combate-a-incendios\/\",\"name\":\"Ascana e Zilor lan\u00e7am campanha de combate a inc\u00eandios - Ascana \u2022 A for\u00e7a da nossa regi\u00e3o.\",\"isPartOf\":{\"@id\":\"https:\/\/www.ascana.com.br\/#website\"},\"primaryImageOfPage\":{\"@id\":\"https:\/\/www.ascana.com.br\/index.php\/ascana-e-zilor-lancam-campanha-de-combate-a-incendios\/#primaryimage\"},\"image\":{\"@id\":\"https:\/\/www.ascana.com.br\/index.php\/ascana-e-zilor-lancam-campanha-de-combate-a-incendios\/#primaryimage\"},\"thumbnailUrl\":\"https:\/\/www.ascana.com.br\/wp-content\/uploads\/2023\/07\/colheita-safra-2021_2022-3.jpeg\",\"datePublished\":\"2023-07-27T10:51:26+00:00\",\"dateModified\":\"2023-07-27T10:52:40+00:00\",\"description\":\"Sem usar o fogo na colheita de cana desde 2017, a Ascana e a Zilor pedem colabora\u00e7\u00e3o da popula\u00e7\u00e3o para evitar o fogo criminoso ou acidental.\",\"breadcrumb\":{\"@id\":\"https:\/\/www.ascana.com.br\/index.php\/ascana-e-zilor-lancam-campanha-de-combate-a-incendios\/#breadcrumb\"},\"inLanguage\":\"pt-BR\",\"potentialAction\":[{\"@type\":\"ReadAction\",\"target\":[\"https:\/\/www.ascana.com.br\/index.php\/ascana-e-zilor-lancam-campanha-de-combate-a-incendios\/\"]}]},{\"@type\":\"ImageObject\",\"inLanguage\":\"pt-BR\",\"@id\":\"https:\/\/www.ascana.com.br\/index.php\/ascana-e-zilor-lancam-campanha-de-combate-a-incendios\/#primaryimage\",\"url\":\"https:\/\/www.ascana.com.br\/wp-content\/uploads\/2023\/07\/colheita-safra-2021_2022-3.jpeg\",\"contentUrl\":\"https:\/\/www.ascana.com.br\/wp-content\/uploads\/2023\/07\/colheita-safra-2021_2022-3.jpeg\",\"width\":1040,\"height\":780},{\"@type\":\"BreadcrumbList\",\"@id\":\"https:\/\/www.ascana.com.br\/index.php\/ascana-e-zilor-lancam-campanha-de-combate-a-incendios\/#breadcrumb\",\"itemListElement\":[{\"@type\":\"ListItem\",\"position\":1,\"name\":\"In\u00edcio\",\"item\":\"https:\/\/www.ascana.com.br\/\"},{\"@type\":\"ListItem\",\"position\":2,\"name\":\"Ascana e Zilor lan\u00e7am campanha de combate a inc\u00eandios\"}]},{\"@type\":\"WebSite\",\"@id\":\"https:\/\/www.ascana.com.br\/#website\",\"url\":\"https:\/\/www.ascana.com.br\/\",\"name\":\"Ascana \u2022 A for\u00e7a da nossa regi\u00e3o.\",\"description\":\"Associa\u00e7\u00e3o dos Plantadores de Cana do M\u00e9dio Tiet\u00ea.\",\"publisher\":{\"@id\":\"https:\/\/www.ascana.com.br\/#organization\"},\"potentialAction\":[{\"@type\":\"SearchAction\",\"target\":{\"@type\":\"EntryPoint\",\"urlTemplate\":\"https:\/\/www.ascana.com.br\/?s={search_term_string}\"},\"query-input\":{\"@type\":\"PropertyValueSpecification\",\"valueRequired\":true,\"valueName\":\"search_term_string\"}}],\"inLanguage\":\"pt-BR\"},{\"@type\":\"Organization\",\"@id\":\"https:\/\/www.ascana.com.br\/#organization\",\"name\":\"Ascana \u2022 A for\u00e7a da nossa regi\u00e3o.\",\"url\":\"https:\/\/www.ascana.com.br\/\",\"logo\":{\"@type\":\"ImageObject\",\"inLanguage\":\"pt-BR\",\"@id\":\"https:\/\/www.ascana.com.br\/#\/schema\/logo\/image\/\",\"url\":\"https:\/\/www.ascana.com.br\/wp-content\/uploads\/2023\/02\/logo_rgb.png\",\"contentUrl\":\"https:\/\/www.ascana.com.br\/wp-content\/uploads\/2023\/02\/logo_rgb.png\",\"width\":500,\"height\":126,\"caption\":\"Ascana \u2022 A for\u00e7a da nossa regi\u00e3o.\"},\"image\":{\"@id\":\"https:\/\/www.ascana.com.br\/#\/schema\/logo\/image\/\"},\"sameAs\":[\"https:\/\/facebook.com\/ascanasp\",\"https:\/\/instagram.com\/ascanasp\"]},{\"@type\":\"Person\",\"@id\":\"https:\/\/www.ascana.com.br\/#\/schema\/person\/a5e9153dc8b9b2874f7d2e8773c4f2fc\",\"name\":\"Logan Caversan\",\"image\":{\"@type\":\"ImageObject\",\"inLanguage\":\"pt-BR\",\"@id\":\"https:\/\/www.ascana.com.br\/#\/schema\/person\/image\/\",\"url\":\"https:\/\/secure.gravatar.com\/avatar\/edfb4b9618ae33baa1bd4a60477db66fb2a9d6ae5207fc0ec5a6b5d7f68fc63a?s=96&d=mm&r=g\",\"contentUrl\":\"https:\/\/secure.gravatar.com\/avatar\/edfb4b9618ae33baa1bd4a60477db66fb2a9d6ae5207fc0ec5a6b5d7f68fc63a?s=96&d=mm&r=g\",\"caption\":\"Logan Caversan\"},\"url\":\"https:\/\/www.ascana.com.br\/index.php\/author\/logancaversan\/\"}]}<\/script>\r\n<!-- \/ Yoast SEO plugin. -->","yoast_head_json":{"title":"Ascana e Zilor lan\u00e7am campanha de combate a inc\u00eandios - Ascana \u2022 A for\u00e7a da nossa regi\u00e3o.","description":"Sem usar o fogo na colheita de cana desde 2017, a Ascana e a Zilor pedem colabora\u00e7\u00e3o da popula\u00e7\u00e3o para evitar o fogo criminoso ou acidental.","robots":{"index":"index","follow":"follow","max-snippet":"max-snippet:-1","max-image-preview":"max-image-preview:large","max-video-preview":"max-video-preview:-1"},"canonical":"https:\/\/www.ascana.com.br\/index.php\/ascana-e-zilor-lancam-campanha-de-combate-a-incendios\/","og_locale":"pt_BR","og_type":"article","og_title":"Ascana e Zilor lan\u00e7am campanha de combate a inc\u00eandios - Ascana \u2022 A for\u00e7a da nossa regi\u00e3o.","og_description":"Sem usar o fogo na colheita de cana desde 2017, a Ascana e a Zilor pedem colabora\u00e7\u00e3o da popula\u00e7\u00e3o para evitar o fogo criminoso ou acidental.","og_url":"https:\/\/www.ascana.com.br\/index.php\/ascana-e-zilor-lancam-campanha-de-combate-a-incendios\/","og_site_name":"Ascana \u2022 A for\u00e7a da nossa regi\u00e3o.","article_publisher":"https:\/\/facebook.com\/ascanasp","article_published_time":"2023-07-27T10:51:26+00:00","article_modified_time":"2023-07-27T10:52:40+00:00","og_image":[{"width":1040,"height":780,"url":"https:\/\/www.ascana.com.br\/wp-content\/uploads\/2023\/07\/colheita-safra-2021_2022-3.jpeg","type":"image\/jpeg"}],"author":"Logan Caversan","twitter_card":"summary_large_image","twitter_misc":{"Escrito por":"Logan Caversan","Est. tempo de leitura":"4 minutos"},"schema":{"@context":"https:\/\/schema.org","@graph":[{"@type":"Article","@id":"https:\/\/www.ascana.com.br\/index.php\/ascana-e-zilor-lancam-campanha-de-combate-a-incendios\/#article","isPartOf":{"@id":"https:\/\/www.ascana.com.br\/index.php\/ascana-e-zilor-lancam-campanha-de-combate-a-incendios\/"},"author":{"name":"Logan Caversan","@id":"https:\/\/www.ascana.com.br\/#\/schema\/person\/a5e9153dc8b9b2874f7d2e8773c4f2fc"},"headline":"Ascana e Zilor lan\u00e7am campanha de combate a inc\u00eandios","datePublished":"2023-07-27T10:51:26+00:00","dateModified":"2023-07-27T10:52:40+00:00","mainEntityOfPage":{"@id":"https:\/\/www.ascana.com.br\/index.php\/ascana-e-zilor-lancam-campanha-de-combate-a-incendios\/"},"wordCount":643,"commentCount":0,"publisher":{"@id":"https:\/\/www.ascana.com.br\/#organization"},"image":{"@id":"https:\/\/www.ascana.com.br\/index.php\/ascana-e-zilor-lancam-campanha-de-combate-a-incendios\/#primaryimage"},"thumbnailUrl":"https:\/\/www.ascana.com.br\/wp-content\/uploads\/2023\/07\/colheita-safra-2021_2022-3.jpeg","articleSection":["Not\u00edcias"],"inLanguage":"pt-BR","potentialAction":[{"@type":"CommentAction","name":"Comment","target":["https:\/\/www.ascana.com.br\/index.php\/ascana-e-zilor-lancam-campanha-de-combate-a-incendios\/#respond"]}]},{"@type":"WebPage","@id":"https:\/\/www.ascana.com.br\/index.php\/ascana-e-zilor-lancam-campanha-de-combate-a-incendios\/","url":"https:\/\/www.ascana.com.br\/index.php\/ascana-e-zilor-lancam-campanha-de-combate-a-incendios\/","name":"Ascana e Zilor lan\u00e7am campanha de combate a inc\u00eandios - Ascana \u2022 A for\u00e7a da nossa regi\u00e3o.","isPartOf":{"@id":"https:\/\/www.ascana.com.br\/#website"},"primaryImageOfPage":{"@id":"https:\/\/www.ascana.com.br\/index.php\/ascana-e-zilor-lancam-campanha-de-combate-a-incendios\/#primaryimage"},"image":{"@id":"https:\/\/www.ascana.com.br\/index.php\/ascana-e-zilor-lancam-campanha-de-combate-a-incendios\/#primaryimage"},"thumbnailUrl":"https:\/\/www.ascana.com.br\/wp-content\/uploads\/2023\/07\/colheita-safra-2021_2022-3.jpeg","datePublished":"2023-07-27T10:51:26+00:00","dateModified":"2023-07-27T10:52:40+00:00","description":"Sem usar o fogo na colheita de cana desde 2017, a Ascana e a Zilor pedem colabora\u00e7\u00e3o da popula\u00e7\u00e3o para evitar o fogo criminoso ou acidental.","breadcrumb":{"@id":"https:\/\/www.ascana.com.br\/index.php\/ascana-e-zilor-lancam-campanha-de-combate-a-incendios\/#breadcrumb"},"inLanguage":"pt-BR","potentialAction":[{"@type":"ReadAction","target":["https:\/\/www.ascana.com.br\/index.php\/ascana-e-zilor-lancam-campanha-de-combate-a-incendios\/"]}]},{"@type":"ImageObject","inLanguage":"pt-BR","@id":"https:\/\/www.ascana.com.br\/index.php\/ascana-e-zilor-lancam-campanha-de-combate-a-incendios\/#primaryimage","url":"https:\/\/www.ascana.com.br\/wp-content\/uploads\/2023\/07\/colheita-safra-2021_2022-3.jpeg","contentUrl":"https:\/\/www.ascana.com.br\/wp-content\/uploads\/2023\/07\/colheita-safra-2021_2022-3.jpeg","width":1040,"height":780},{"@type":"BreadcrumbList","@id":"https:\/\/www.ascana.com.br\/index.php\/ascana-e-zilor-lancam-campanha-de-combate-a-incendios\/#breadcrumb","itemListElement":[{"@type":"ListItem","position":1,"name":"In\u00edcio","item":"https:\/\/www.ascana.com.br\/"},{"@type":"ListItem","position":2,"name":"Ascana e Zilor lan\u00e7am campanha de combate a inc\u00eandios"}]},{"@type":"WebSite","@id":"https:\/\/www.ascana.com.br\/#website","url":"https:\/\/www.ascana.com.br\/","name":"Ascana \u2022 A for\u00e7a da nossa regi\u00e3o.","description":"Associa\u00e7\u00e3o dos Plantadores de Cana do M\u00e9dio Tiet\u00ea.","publisher":{"@id":"https:\/\/www.ascana.com.br\/#organization"},"potentialAction":[{"@type":"SearchAction","target":{"@type":"EntryPoint","urlTemplate":"https:\/\/www.ascana.com.br\/?s={search_term_string}"},"query-input":{"@type":"PropertyValueSpecification","valueRequired":true,"valueName":"search_term_string"}}],"inLanguage":"pt-BR"},{"@type":"Organization","@id":"https:\/\/www.ascana.com.br\/#organization","name":"Ascana \u2022 A for\u00e7a da nossa regi\u00e3o.","url":"https:\/\/www.ascana.com.br\/","logo":{"@type":"ImageObject","inLanguage":"pt-BR","@id":"https:\/\/www.ascana.com.br\/#\/schema\/logo\/image\/","url":"https:\/\/www.ascana.com.br\/wp-content\/uploads\/2023\/02\/logo_rgb.png","contentUrl":"https:\/\/www.ascana.com.br\/wp-content\/uploads\/2023\/02\/logo_rgb.png","width":500,"height":126,"caption":"Ascana \u2022 A for\u00e7a da nossa regi\u00e3o."},"image":{"@id":"https:\/\/www.ascana.com.br\/#\/schema\/logo\/image\/"},"sameAs":["https:\/\/facebook.com\/ascanasp","https:\/\/instagram.com\/ascanasp"]},{"@type":"Person","@id":"https:\/\/www.ascana.com.br\/#\/schema\/person\/a5e9153dc8b9b2874f7d2e8773c4f2fc","name":"Logan Caversan","image":{"@type":"ImageObject","inLanguage":"pt-BR","@id":"https:\/\/www.ascana.com.br\/#\/schema\/person\/image\/","url":"https:\/\/secure.gravatar.com\/avatar\/edfb4b9618ae33baa1bd4a60477db66fb2a9d6ae5207fc0ec5a6b5d7f68fc63a?s=96&d=mm&r=g","contentUrl":"https:\/\/secure.gravatar.com\/avatar\/edfb4b9618ae33baa1bd4a60477db66fb2a9d6ae5207fc0ec5a6b5d7f68fc63a?s=96&d=mm&r=g","caption":"Logan Caversan"},"url":"https:\/\/www.ascana.com.br\/index.php\/author\/logancaversan\/"}]}},"_links":{"self":[{"href":"https:\/\/www.ascana.com.br\/index.php\/wp-json\/wp\/v2\/posts\/856","targetHints":{"allow":["GET"]}}],"collection":[{"href":"https:\/\/www.ascana.com.br\/index.php\/wp-json\/wp\/v2\/posts"}],"about":[{"href":"https:\/\/www.ascana.com.br\/index.php\/wp-json\/wp\/v2\/types\/post"}],"author":[{"embeddable":true,"href":"https:\/\/www.ascana.com.br\/index.php\/wp-json\/wp\/v2\/users\/5"}],"replies":[{"embeddable":true,"href":"https:\/\/www.ascana.com.br\/index.php\/wp-json\/wp\/v2\/comments?post=856"}],"version-history":[{"count":1,"href":"https:\/\/www.ascana.com.br\/index.php\/wp-json\/wp\/v2\/posts\/856\/revisions"}],"predecessor-version":[{"id":859,"href":"https:\/\/www.ascana.com.br\/index.php\/wp-json\/wp\/v2\/posts\/856\/revisions\/859"}],"wp:featuredmedia":[{"embeddable":true,"href":"https:\/\/www.ascana.com.br\/index.php\/wp-json\/wp\/v2\/media\/858"}],"wp:attachment":[{"href":"https:\/\/www.ascana.com.br\/index.php\/wp-json\/wp\/v2\/media?parent=856"}],"wp:term":[{"taxonomy":"category","embeddable":true,"href":"https:\/\/www.ascana.com.br\/index.php\/wp-json\/wp\/v2\/categories?post=856"},{"taxonomy":"post_tag","embeddable":true,"href":"https:\/\/www.ascana.com.br\/index.php\/wp-json\/wp\/v2\/tags?post=856"}],"curies":[{"name":"wp","href":"https:\/\/api.w.org\/{rel}","templated":true}]}}